{"id":3973,"date":"2025-12-14T21:58:25","date_gmt":"2025-12-14T20:58:25","guid":{"rendered":"https:\/\/letempsduclient.com\/?p=3973"},"modified":"2025-12-14T21:58:25","modified_gmt":"2025-12-14T20:58:25","slug":"3973","status":"publish","type":"post","link":"https:\/\/letempsduclient.com\/index.php\/2025\/12\/14\/3973\/","title":{"rendered":""},"content":{"rendered":"\n<pre class=\"wp-block-code\"><code>&lt;!DOCTYPE html>\n&lt;html lang=\"fr\">\n&lt;head>\n    &lt;meta charset=\"UTF-8\">\n    &lt;meta name=\"viewport\" content=\"width=device-width, initial-scale=1.0\">\n    &lt;title>Formation Manager Contact Client | Le Temps du Client&lt;\/title>\n    &lt;style>\n        :root {\n            --primary-color: #E67E22; \/* Orange, couleur dominante dans le logo *\/\n            --secondary-color: #696969; \/* Gris, couleur secondaire du logo *\/\n            --accent-color: #34495E; \/* Bleu fonc\u00e9 pour les titres *\/\n            --light-bg: #F8F9FA; \/* Fond clair pour les sections *\/\n            --text-color: #333; \/* Couleur de texte principale *\/\n        }\n        \n        * {\n            box-sizing: border-box;\n            margin: 0;\n            padding: 0;\n            font-family: 'Roboto', Arial, sans-serif;\n        }\n        \n        body {\n            color: var(--text-color);\n            line-height: 1.6;\n        }\n        \n        .container {\n            max-width: 1200px;\n            margin: 0 auto;\n            padding: 0 20px;\n        }\n        \n        header {\n            background: linear-gradient(135deg, var(--primary-color), var(--accent-color));\n            color: white;\n            padding: 60px 0;\n            text-align: center;\n        }\n        \n        header h1 {\n            font-size: 2.5rem;\n            margin-bottom: 15px;\n        }\n        \n        header p {\n            font-size: 1.2rem;\n            max-width: 800px;\n            margin: 0 auto;\n        }\n        \n        section {\n            padding: 50px 0;\n        }\n        \n        .objectives {\n            background-color: var(--light-bg);\n        }\n        \n        h2 {\n            color: var(--accent-color);\n            margin-bottom: 25px;\n            font-size: 2rem;\n            text-align: center;\n        }\n        \n        h3 {\n            color: var(--primary-color);\n            margin: 20px 0 10px;\n            font-size: 1.5rem;\n        }\n        \n        .emoji-title {\n            display: flex;\n            align-items: center;\n            justify-content: center;\n            margin-bottom: 30px;\n        }\n        \n        .emoji-title span {\n            margin-right: 10px;\n            font-size: 2rem;\n        }\n        \n        ul {\n            list-style-type: none;\n            margin-left: 20px;\n        }\n        \n        ul li {\n            position: relative;\n            padding-left: 25px;\n            margin-bottom: 10px;\n        }\n        \n        ul li:before {\n            content: \"\u2713\";\n            position: absolute;\n            left: 0;\n            color: var(--primary-color);\n        }\n        \n        .details-container {\n            margin: 30px 0;\n        }\n        \n        details {\n            background-color: white;\n            border-radius: 5px;\n            margin-bottom: 15px;\n            box-shadow: 0 2px 5px rgba(0,0,0,0.1);\n        }\n        \n        details summary {\n            padding: 15px 20px;\n            background-color: white;\n            cursor: pointer;\n            font-weight: bold;\n            border-left: 4px solid var(--primary-color);\n        }\n        \n        details&#91;open] summary {\n            background-color: var(--light-bg);\n        }\n        \n        details .content {\n            padding: 15px 20px;\n        }\n        \n        details em {\n            display: block;\n            margin-top: 10px;\n            color: var(--secondary-color);\n            font-style: italic;\n        }\n        \n        .info-grid {\n            display: grid;\n            grid-template-columns: repeat(auto-fill, minmax(300px, 1fr));\n            gap: 30px;\n            margin-top: 40px;\n        }\n        \n        .info-card {\n            background-color: white;\n            border-radius: 5px;\n            padding: 25px;\n            box-shadow: 0 2px 10px rgba(0,0,0,0.1);\n            transition: transform 0.3s ease;\n        }\n        \n        .info-card:hover {\n            transform: translateY(-5px);\n        }\n        \n        .info-card h3 {\n            display: flex;\n            align-items: center;\n            margin-bottom: 15px;\n        }\n        \n        .info-card h3 span {\n            margin-right: 10px;\n            font-size: 1.5rem;\n        }\n        \n        footer {\n            background-color: var(--accent-color);\n            color: white;\n            text-align: center;\n            padding: 30px 0;\n            margin-top: 50px;\n        }\n        \n        footer p {\n            margin-top: 20px;\n        }\n        \n        .contact-info {\n            display: flex;\n            justify-content: center;\n            flex-wrap: wrap;\n            margin-top: 20px;\n        }\n        \n        .contact-item {\n            margin: 0 15px;\n            display: flex;\n            align-items: center;\n        }\n        \n        .contact-item span {\n            margin-right: 8px;\n        }\n        \n        @media (max-width: 768px) {\n            header h1 {\n                font-size: 2rem;\n            }\n            \n            header p {\n                font-size: 1rem;\n            }\n            \n            h2 {\n                font-size: 1.8rem;\n            }\n            \n            .info-grid {\n                grid-template-columns: 1fr;\n            }\n        }\n    &lt;\/style>\n&lt;\/head>\n&lt;body>\n    &lt;header>\n        &lt;div class=\"container\">\n            &lt;h1>Formation Manager Contact Client&lt;\/h1>\n            &lt;p>Fid\u00e9liser - Pacifier - Reconqu\u00e9rir&lt;\/p>\n        &lt;\/div>\n    &lt;\/header>\n    \n    &lt;section class=\"objectives\">\n        &lt;div class=\"container\">\n            &lt;div class=\"emoji-title\">\n                &lt;span>\ud83c\udfaf&lt;\/span>\n                &lt;h2>Objectifs de la Formation&lt;\/h2>\n            &lt;\/div>\n            &lt;p>Cette formation vise \u00e0 d\u00e9velopper vos comp\u00e9tences dans la gestion de la relation client, notamment dans les situations d\u00e9licates. \u00c0 l'issue de cette journ\u00e9e intensive, vous serez capable de:&lt;\/p>\n            &lt;ul>\n                &lt;li>Acqu\u00e9rir de l'aisance relationnelle dans les contacts avec les clients&lt;\/li>\n                &lt;li>Mettre en \u0153uvre le processus de reconqu\u00eate client apr\u00e8s une perception de non-qualit\u00e9&lt;\/li>\n                &lt;li>Gagner en assurance et traiter efficacement les situations difficiles&lt;\/li>\n                &lt;li>Transformer les r\u00e9clamations en opportunit\u00e9s de fid\u00e9lisation&lt;\/li>\n            &lt;\/ul>\n        &lt;\/div>\n    &lt;\/section>\n    \n    &lt;section>\n        &lt;div class=\"container\">\n            &lt;div class=\"emoji-title\">\n                &lt;span>\ud83d\udc65&lt;\/span>\n                &lt;h2>Public Concern\u00e9 et Pr\u00e9requis&lt;\/h2>\n            &lt;\/div>\n            &lt;div class=\"info-grid\">\n                &lt;div class=\"info-card\">\n                    &lt;h3>&lt;span>\ud83d\udc68\u200d\ud83d\udcbc&lt;\/span> Public cible&lt;\/h3>\n                    &lt;p>Managers, Directeurs Adjoints, H\u00f4tes\/H\u00f4tesses principales&lt;\/p>\n                &lt;\/div>\n                &lt;div class=\"info-card\">\n                    &lt;h3>&lt;span>\ud83d\udccb&lt;\/span> Pr\u00e9requis&lt;\/h3>\n                    &lt;p>Premi\u00e8re exp\u00e9rience dans la relation client&lt;\/p>\n                &lt;\/div>\n                &lt;div class=\"info-card\">\n                    &lt;h3>&lt;span>\ud83d\udc65&lt;\/span> Participants&lt;\/h3>\n                    &lt;p>8 \u00e0 12 personnes&lt;\/p>\n                &lt;\/div>\n            &lt;\/div>\n        &lt;\/div>\n    &lt;\/section>\n    \n    &lt;section class=\"objectives\">\n        &lt;div class=\"container\">\n            &lt;div class=\"emoji-title\">\n                &lt;span>\u23f1\ufe0f&lt;\/span>\n                &lt;h2>Informations Pratiques&lt;\/h2>\n            &lt;\/div>\n            &lt;div class=\"info-grid\">\n                &lt;div class=\"info-card\">\n                    &lt;h3>&lt;span>\ud83d\udd58&lt;\/span> Dur\u00e9e&lt;\/h3>\n                    &lt;p>1 jour (8 heures de formation)&lt;\/p>\n                &lt;\/div>\n                &lt;div class=\"info-card\">\n                    &lt;h3>&lt;span>\ud83d\udcc5&lt;\/span> Horaires&lt;\/h3>\n                    &lt;p>8h45 - 17h30&lt;\/p>\n                &lt;\/div>\n                &lt;div class=\"info-card\">\n                    &lt;h3>&lt;span>\u267f&lt;\/span> Accessibilit\u00e9&lt;\/h3>\n                    &lt;p>Formation accessible aux personnes en situation de handicap (contacter le r\u00e9f\u00e9rent handicap avant le d\u00e9but de la formation)&lt;\/p>\n                &lt;\/div>\n            &lt;\/div>\n        &lt;\/div>\n    &lt;\/section>\n    \n    &lt;section>\n        &lt;div class=\"container\">\n            &lt;div class=\"emoji-title\">\n                &lt;span>\ud83d\udccb&lt;\/span>\n                &lt;h2>Programme D\u00e9taill\u00e9&lt;\/h2>\n            &lt;\/div>\n            \n            &lt;h3>\ud83c\udf05 Matin\u00e9e (8h45 - 13h15)&lt;\/h3>\n            \n            &lt;div class=\"details-container\">\n                &lt;details>\n                    &lt;summary>\ud83d\udccc Les enjeux pour le client, l'entreprise et moi (9h00 - 10h00)&lt;\/summary>\n                    &lt;div class=\"content\">\n                        &lt;ul>\n                            &lt;li>Clients heureux et employ\u00e9s heureux&lt;\/li>\n                            &lt;li>Les \u00e9volutions des attentes des clients&lt;\/li>\n                            &lt;li>Identifier les enjeux pour le client et l'\u00e9quipe&lt;\/li>\n                            &lt;li>Donner l'envie de s'impliquer avec un client qui r\u00e9clame&lt;\/li>\n                        &lt;\/ul>\n                        &lt;em>M\u00e9thodes: Autodiagnostic relation client, partage d'exp\u00e9riences&lt;\/em>\n                    &lt;\/div>\n                &lt;\/details>\n                \n                &lt;details>\n                    &lt;summary>\ud83d\udccc Les postures \u00e0 prendre en cas de r\u00e9clamation (10h10 - 11h00)&lt;\/summary>\n                    &lt;div class=\"content\">\n                        &lt;ul>\n                            &lt;li>Les profils de clients qui r\u00e9clament&lt;\/li>\n                            &lt;li>Les 5 \u00e9tapes de la reconqu\u00eate client&lt;\/li>\n                            &lt;li>Les 7 attitudes qui enveniment&lt;\/li>\n                        &lt;\/ul>\n                        &lt;em>M\u00e9thodes: Travail de groupe sur les profils clients, apport m\u00e9thodologique&lt;\/em>\n                    &lt;\/div>\n                &lt;\/details>\n                \n                &lt;details>\n                    &lt;summary>\ud83d\udccc Recueillir le feedback d'un client (11h00 - 12h00)&lt;\/summary>\n                    &lt;div class=\"content\">\n                        &lt;ul>\n                            &lt;li>Les moments de v\u00e9rit\u00e9 et les signatures de service&lt;\/li>\n                            &lt;li>Les 4 principes de r\u00e9ussite pour entrer en contact avec un client&lt;\/li>\n                            &lt;li>Savoir recueillir un feedback et \u00e9couter un client&lt;\/li>\n                            &lt;li>Utiliser des formulations positives&lt;\/li>\n                        &lt;\/ul>\n                        &lt;em>M\u00e9thodes: Techniques d'\u00e9coute active, training feedbacks clients&lt;\/em>\n                    &lt;\/div>\n                &lt;\/details>\n                \n                &lt;details>\n                    &lt;summary>\ud83d\udccc Mise en pratique film\u00e9e sur le service (12h00 - 13h15)&lt;\/summary>\n                    &lt;div class=\"content\">\n                        &lt;ul>\n                            &lt;li>Exp\u00e9rimenter des comportements nouveaux face aux clients&lt;\/li>\n                            &lt;li>Incarner la culture service&lt;\/li>\n                            &lt;li>Anticiper les attentes, prendre l'initiative du contact client&lt;\/li>\n                        &lt;\/ul>\n                        &lt;em>M\u00e9thodes: Enregistrement de s\u00e9quences, mise en pratique des signatures de service&lt;\/em>\n                    &lt;\/div>\n                &lt;\/details>\n            &lt;\/div>\n            \n            &lt;h3>\ud83c\udf07 Apr\u00e8s-midi (14h15 - 17h30)&lt;\/h3>\n            \n            &lt;div class=\"details-container\">\n                &lt;details>\n                    &lt;summary>\ud83d\udccc Validations et am\u00e9liorations (14h15 - 15h50)&lt;\/summary>\n                    &lt;div class=\"content\">\n                        &lt;ul>\n                            &lt;li>D\u00e9velopper la capacit\u00e9 \u00e0 aller vers le client&lt;\/li>\n                            &lt;li>Identifier les comportements \u00e0 reproduire&lt;\/li>\n                            &lt;li>Corriger ou am\u00e9liorer les comportements observ\u00e9s&lt;\/li>\n                        &lt;\/ul>\n                        &lt;em>M\u00e9thodes: Partage et analyse des pratiques, r\u00e9v\u00e9lation des talents de chacun&lt;\/em>\n                    &lt;\/div>\n                &lt;\/details>\n                \n                &lt;details>\n                    &lt;summary>\ud83d\udccc Pacifier une relation tendue (16h00 - 16h50)&lt;\/summary>\n                    &lt;div class=\"content\">\n                        &lt;ul>\n                            &lt;li>Privil\u00e9gier une attitude positive&lt;\/li>\n                            &lt;li>Techniques de gestion du stress&lt;\/li>\n                            &lt;li>G\u00e9rer l'agressivit\u00e9 d'un client&lt;\/li>\n                            &lt;li>Les postures \u00e0 d\u00e9velopper, mots et gestes&lt;\/li>\n                        &lt;\/ul>\n                        &lt;em>M\u00e9thodes: Exercices de gestion du stress imm\u00e9diat, mises en situation&lt;\/em>\n                    &lt;\/div>\n                &lt;\/details>\n                \n                &lt;details>\n                    &lt;summary>\ud83d\udccc La reconqu\u00eate client: un travail d'\u00e9quipe (17h00 - 17h30)&lt;\/summary>\n                    &lt;div class=\"content\">\n                        &lt;ul>\n                            &lt;li>Les situations que seul un responsable peut r\u00e9soudre&lt;\/li>\n                            &lt;li>Choisir son axe d\u00e9veloppement&lt;\/li>\n                            &lt;li>\u00c9laboration d'un plan d'action personnalis\u00e9&lt;\/li>\n                        &lt;\/ul>\n                        &lt;em>M\u00e9thodes: R\u00e9flexion autour des actions d'\u00e9quipe et de management&lt;\/em>\n                    &lt;\/div>\n                &lt;\/details>\n            &lt;\/div>\n        &lt;\/div>\n    &lt;\/section>\n    \n    &lt;section class=\"objectives\">\n        &lt;div class=\"container\">\n            &lt;div class=\"emoji-title\">\n                &lt;span>\ud83d\udee0\ufe0f&lt;\/span>\n                &lt;h2>M\u00e9thodes P\u00e9dagogiques&lt;\/h2>\n            &lt;\/div>\n            &lt;ul>\n                &lt;li>&lt;strong>Approche participative&lt;\/strong>: Alternance de partages d'exp\u00e9riences, apports m\u00e9thodologiques, r\u00e9flexions individuelles et en groupe&lt;\/li>\n                &lt;li>&lt;strong>Mises en situation&lt;\/strong>: Jeux de r\u00f4les pr\u00e9par\u00e9s et d\u00e9brief\u00e9s, exercices pratiques film\u00e9s&lt;\/li>\n                &lt;li>&lt;strong>Supports personnalis\u00e9s&lt;\/strong>: Manuel reprenant les principaux messages et outils&lt;\/li>\n                &lt;li>&lt;strong>Cas concrets&lt;\/strong>: Traitement de situations sp\u00e9cifiques des participants&lt;\/li>\n            &lt;\/ul>\n        &lt;\/div>\n    &lt;\/section>\n    \n    &lt;section>\n        &lt;div class=\"container\">\n            &lt;div class=\"emoji-title\">\n                &lt;span>\ud83d\udcca&lt;\/span>\n                &lt;h2>Modalit\u00e9s d'\u00c9valuation&lt;\/h2>\n            &lt;\/div>\n            &lt;ul>\n                &lt;li>&lt;strong>\u00c9valuation initiale&lt;\/strong>: Diagnostic des connaissances et pratiques relationnelles&lt;\/li>\n                &lt;li>&lt;strong>\u00c9valuation continue&lt;\/strong>: \u00c0 travers les mises en situation et jeux de r\u00f4les&lt;\/li>\n                &lt;li>&lt;strong>Plan d'action individuel&lt;\/strong>: Formalisation \u00e9crite des engagements post-formation&lt;\/li>\n                &lt;li>&lt;strong>Quiz final&lt;\/strong>: \u00c9valuation des acquis sur les m\u00e9canismes des bonnes pratiques&lt;\/li>\n            &lt;\/ul>\n        &lt;\/div>\n    &lt;\/section>\n    \n    &lt;section class=\"objectives\">\n        &lt;div class=\"container\">\n            &lt;div class=\"emoji-title\">\n                &lt;span>\ud83d\udc68\u200d\ud83c\udfeb&lt;\/span>\n                &lt;h2>Intervenant&lt;\/h2>\n            &lt;\/div>\n            &lt;p>Formation anim\u00e9e par des formateurs experts poss\u00e9dant une triple expertise:&lt;\/p>\n            &lt;ul>\n                &lt;li>La relation client&lt;\/li>\n                &lt;li>Le management&lt;\/li>\n                &lt;li>Une exp\u00e9rience significative de formation dans le secteur de la restauration&lt;\/li>\n            &lt;\/ul>\n        &lt;\/div>\n    &lt;\/section>\n    \n    &lt;footer>\n        &lt;div class=\"container\">\n            &lt;h3>\"Transformer un p\u00e9pin en p\u00e9pite\"&lt;\/h3>\n            &lt;p>Formation LE TEMPS DU CLIENT&lt;\/p>\n            \n            &lt;div class=\"contact-info\">\n                &lt;div class=\"contact-item\">\n                    &lt;span>\ud83d\udcde&lt;\/span>\n                    &lt;p>01 45 46 11 00&lt;\/p>\n                &lt;\/div>\n                &lt;div class=\"contact-item\">\n                    &lt;span>\ud83d\udccd&lt;\/span>\n                    &lt;p>21 Grand Rue, St Pierre de Maill\u00e9 86260 France&lt;\/p>\n                &lt;\/div>\n                &lt;div class=\"contact-item\">\n                    &lt;span>\ud83c\udf10&lt;\/span>\n                    &lt;p>www.letempsduclient.com&lt;\/p>\n                &lt;\/div>\n            &lt;\/div>\n        &lt;\/div>\n    &lt;\/footer>\n&lt;\/body>\n&lt;\/html><\/code><\/pre>\n","protected":false},"excerpt":{"rendered":"","protected":false},"author":1,"featured_media":0,"comment_status":"closed","ping_status":"open","sticky":false,"template":"","format":"standard","meta":{"footnotes":""},"categories":[1],"tags":[],"class_list":["post-3973","post","type-post","status-publish","format-standard","hentry","category-non-classe"],"_links":{"self":[{"href":"https:\/\/letempsduclient.com\/index.php\/wp-json\/wp\/v2\/posts\/3973","targetHints":{"allow":["GET"]}}],"collection":[{"href":"https:\/\/letempsduclient.com\/index.php\/wp-json\/wp\/v2\/posts"}],"about":[{"href":"https:\/\/letempsduclient.com\/index.php\/wp-json\/wp\/v2\/types\/post"}],"author":[{"embeddable":true,"href":"https:\/\/letempsduclient.com\/index.php\/wp-json\/wp\/v2\/users\/1"}],"replies":[{"embeddable":true,"href":"https:\/\/letempsduclient.com\/index.php\/wp-json\/wp\/v2\/comments?post=3973"}],"version-history":[{"count":1,"href":"https:\/\/letempsduclient.com\/index.php\/wp-json\/wp\/v2\/posts\/3973\/revisions"}],"predecessor-version":[{"id":3974,"href":"https:\/\/letempsduclient.com\/index.php\/wp-json\/wp\/v2\/posts\/3973\/revisions\/3974"}],"wp:attachment":[{"href":"https:\/\/letempsduclient.com\/index.php\/wp-json\/wp\/v2\/media?parent=3973"}],"wp:term":[{"taxonomy":"category","embeddable":true,"href":"https:\/\/letempsduclient.com\/index.php\/wp-json\/wp\/v2\/categories?post=3973"},{"taxonomy":"post_tag","embeddable":true,"href":"https:\/\/letempsduclient.com\/index.php\/wp-json\/wp\/v2\/tags?post=3973"}],"curies":[{"name":"wp","href":"https:\/\/api.w.org\/{rel}","templated":true}]}}